{"city_info":{"name":"Nice","country":"France","latitude":"43.7061119","longitude":"7.2622218","elevation":"10","sunrise":"06:20","sunset":"20:35"},"forecast_info":{"latitude":null,"longitude":null,"elevation":"56.0"},"current_condition":{"date":"02.05.2026","hour":"07:00","tmp":16,"wnd_spd":14,"wnd_gust":0,"wnd_dir":"NE","pressure":1024.2,"humidity":61,"condition":"Ciel voil\u00e9","condition_key":"ciel-voile","icon":"https:\/\/prevision-meteo.ch\/style\/images\/icon\/ciel-voile.png","icon_big":"https:\/\/prevision-meteo.ch\/style\/images\/icon\/ciel-voile-big.png"},"fcst_day_0":{"date":"02.05.2026","day_short":"Sam.","day_long":"Samedi","tmin":16,"tmax":17,"condition":"Eclaircies","condition_key":"eclaircies","icon":"https:\/\/prevision-meteo.ch\/style\/images\/icon\/eclaircies.png","icon_big":"https:\/\/prevision-meteo.ch\/style\/images\/icon\/eclaircies-big.png","hourly_data":{"0H00":{"ICON":"https:\/\/prevision-meteo.ch\/style\/images\/icon\/nuit-legerement-voilee.png","CONDITION":"Nuit l\u00e9g\u00e8rement voil\u00e9e","CONDITION_KEY":"nuit-legerement-voilee","TMP2m":17.3,"DPT2m":-273.2,"WNDCHILL2m":null,"HUMIDEX":null,"RH2m":56,"PRMSL":1023.7,"APCPsfc":0,"WNDSPD10m":16,"WNDGUST10m":0,"WNDDIR10m":3,"WNDDIRCARD10":"N","ISSNOW":0,"HCDC":"100.00","MCDC":"5.00","LCDC":"0.00","HGT0C":3000,"KINDEX":43,"CAPE180_0":"0.000","CIN180_0":0},"1H00":{"ICON":"https:\/\/prevision-meteo.ch\/style\/images\/icon\/nuit-nuageuse.png","CONDITION":"Nuit nuageuse","CONDITION_KEY":"nuit-nuageuse","TMP2m":17.3,"DPT2m":-273.2,"WNDCHILL2m":null,"HUMIDEX":null,"RH2m":56,"PRMSL":1023.8,"APCPsfc":0,"WNDSPD10m":17,"WNDGUST10m":0,"WNDDIR10m":10,"WNDDIRCARD10":"N","ISSNOW":0,"HCDC":"80.40","MCDC":"29.30","LCDC":"0.00","HGT0C":2900,"KINDEX":44,"CAPE180_0":"0.000","CIN180_0":0},"2H00":{"ICON":"https:\/\/prevision-meteo.ch\/style\/images\/icon\/nuit-nuageuse.png","CONDITION":"Nuit nuageuse","CONDITION_KEY":"nuit-nuageuse","TMP2m":17.2,"DPT2m":-273.2,"WNDCHILL2m":null,"HUMIDEX":null,"RH2m":54,"PRMSL":1023.9,"APCPsfc":0,"WNDSPD10m":18,"WNDGUST10m":0,"WNDDIR10m":12,"WNDDIRCARD10":"N","ISSNOW":0,"HCDC":"30.00","MCDC":"68.20","LCDC":"0.00","HGT0C":2900,"KINDEX":44,"CAPE180_0":"0.000","CIN180_0":0},"3H00":{"ICON":"https:\/\/prevision-meteo.ch\/style\/images\/icon\/nuit-nuageuse.png","CONDITION":"Nuit nuageuse","CONDITION_KEY":"nuit-nuageuse","TMP2m":16.9,"DPT2m":-273.2,"WNDCHILL2m":null,"HUMIDEX":null,"RH2m":53,"PRMSL":1023.7,"APCPsfc":0,"WNDSPD10m":18,"WNDGUST10m":0,"WNDDIR10m":19,"WNDDIRCARD10":"N","ISSNOW":0,"HCDC":"41.80","MCDC":"71.00","LCDC":"0.00","HGT0C":3000,"KINDEX":46,"CAPE180_0":"0.000","CIN180_0":0},"4H00":{"ICON":"https:\/\/prevision-meteo.ch\/style\/images\/icon\/nuit-legerement-voilee.png","CONDITION":"Nuit l\u00e9g\u00e8rement voil\u00e9e","CONDITION_KEY":"nuit-legerement-voilee","TMP2m":16.6,"DPT2m":-273.2,"WNDCHILL2m":null,"HUMIDEX":null,"RH2m":53,"PRMSL":1023.7,"APCPsfc":0,"WNDSPD10m":16,"WNDGUST10m":0,"WNDDIR10m":28,"WNDDIRCARD10":"NE","ISSNOW":0,"HCDC":"99.30","MCDC":"87.80","LCDC":"0.00","HGT0C":3000,"KINDEX":46,"CAPE180_0":"0.000","CIN180_0":0},"5H00":{"ICON":"https:\/\/prevision-meteo.ch\/style\/images\/icon\/nuit-legerement-voilee.png","CONDITION":"Nuit l\u00e9g\u00e8rement voil\u00e9e","CONDITION_KEY":"nuit-legerement-voilee","TMP2m":16.4,"DPT2m":-273.2,"WNDCHILL2m":null,"HUMIDEX":null,"RH2m":55,"PRMSL":1023.6,"APCPsfc":0,"WNDSPD10m":15,"WNDGUST10m":0,"WNDDIR10m":42,"WNDDIRCARD10":"NE","ISSNOW":0,"HCDC":"99.90","MCDC":"100.00","LCDC":"0.00","HGT0C":3000,"KINDEX":46,"CAPE180_0":"0.000","CIN180_0":0},"6H00":{"ICON":"https:\/\/prevision-meteo.ch\/style\/images\/icon\/nuit-legerement-voilee.png","CONDITION":"Nuit l\u00e9g\u00e8rement voil\u00e9e","CONDITION_KEY":"nuit-legerement-voilee","TMP2m":16.2,"DPT2m":-273.2,"WNDCHILL2m":null,"HUMIDEX":null,"RH2m":57,"PRMSL":1023.6,"APCPsfc":0,"WNDSPD10m":14,"WNDGUST10m":0,"WNDDIR10m":55,"WNDDIRCARD10":"NE","ISSNOW":0,"HCDC":"100.00","MCDC":"100.00","LCDC":"0.00","HGT0C":3000,"KINDEX":45,"CAPE180_0":"0.000","CIN180_0":0},"7H00":{"ICON":"https:\/\/prevision-meteo.ch\/style\/images\/icon\/ciel-voile.png","CONDITION":"Ciel voil\u00e9","CONDITION_KEY":"ciel-voile","TMP2m":15.9,"DPT2m":-273.2,"WNDCHILL2m":null,"HUMIDEX":null,"RH2m":61,"PRMSL":1024.2,"APCPsfc":0,"WNDSPD10m":14,"WNDGUST10m":0,"WNDDIR10m":49,"WNDDIRCARD10":"NE","ISSNOW":0,"HCDC":"100.00","MCDC":"100.00","LCDC":"0.00","HGT0C":3000,"KINDEX":44,"CAPE180_0":"0.000","CIN180_0":0},"8H00":{"ICON":"https:\/\/prevision-meteo.ch\/style\/images\/icon\/ciel-voile.png","CONDITION":"Ciel voil\u00e9","CONDITION_KEY":"ciel-voile","TMP2m":16.1,"DPT2m":-273.2,"WNDCHILL2m":null,"HUMIDEX":null,"RH2m":61,"PRMSL":1024.5,"APCPsfc":0,"WNDSPD10m":12,"WNDGUST10m":0,"WNDDIR10m":57,"WNDDIRCARD10":"NE","ISSNOW":0,"HCDC":"100.00","MCDC":"92.00","LCDC":"0.00","HGT0C":2900,"KINDEX":44,"CAPE180_0":"0.000","CIN180_0":0},"9H00":{"ICON":"https:\/\/prevision-meteo.ch\/style\/images\/icon\/ciel-voile.png","CONDITION":"Ciel voil\u00e9","CONDITION_KEY":"ciel-voile","TMP2m":16.4,"DPT2m":-273.2,"WNDCHILL2m":null,"HUMIDEX":null,"RH2m":61,"PRMSL":1024.8,"APCPsfc":0,"WNDSPD10m":15,"WNDGUST10m":0,"WNDDIR10m":87,"WNDDIRCARD10":"E","ISSNOW":0,"HCDC":"100.00","MCDC":"91.90","LCDC":"0.00","HGT0C":2900,"KINDEX":44,"CAPE180_0":"0.000","CIN180_0":0},"10H00":{"ICON":"https:\/\/prevision-meteo.ch\/style\/images\/icon\/ciel-voile.png","CONDITION":"Ciel voil\u00e9","CONDITION_KEY":"ciel-voile","TMP2m":16.2,"DPT2m":-273.2,"WNDCHILL2m":null,"HUMIDEX":null,"RH2m":66,"PRMSL":1025,"APCPsfc":0,"WNDSPD10m":17,"WNDGUST10m":0,"WNDDIR10m":98,"WNDDIRCARD10":"E","ISSNOW":0,"HCDC":"100.00","MCDC":"86.20","LCDC":"0.00","HGT0C":2900,"KINDEX":43,"CAPE180_0":"0.000","CIN180_0":0},"11H00":{"ICON":"https:\/\/prevision-meteo.ch\/style\/images\/icon\/ciel-voile.png","CONDITION":"Ciel voil\u00e9","CONDITION_KEY":"ciel-voile","TMP2m":16,"DPT2m":-273.2,"WNDCHILL2m":null,"HUMIDEX":null,"RH2m":66,"PRMSL":1025,"APCPsfc":0,"WNDSPD10m":16,"WNDGUST10m":0,"WNDDIR10m":104,"WNDDIRCARD10":"E","ISSNOW":0,"HCDC":"100.00","MCDC":"69.00","LCDC":"0.00","HGT0C":3000,"KINDEX":40,"CAPE180_0":"0.000","CIN180_0":0},"12H00":{"ICON":"https:\/\/prevision-meteo.ch\/style\/images\/icon\/ciel-voile.png","CONDITION":"Ciel voil\u00e9","CONDITION_KEY":"ciel-voile","TMP2m":16.1,"DPT2m":-273.2,"WNDCHILL2m":null,"HUMIDEX":null,"RH2m":65,"PRMSL":1024.7,"APCPsfc":0,"WNDSPD10m":15,"WNDGUST10m":0,"WNDDIR10m":110,"WNDDIRCARD10":"E","ISSNOW":0,"HCDC":"100.00","MCDC":"48.40","LCDC":"0.00","HGT0C":3000,"KINDEX":38,"CAPE180_0":"0.000","CIN180_0":0},"13H00":{"ICON":"https:\/\/prevision-meteo.ch\/style\/images\/icon\/ciel-voile.png","CONDITION":"Ciel voil\u00e9","CONDITION_KEY":"ciel-voile","TMP2m":16.1,"DPT2m":-273.2,"WNDCHILL2m":null,"HUMIDEX":null,"RH2m":64,"PRMSL":1024.1,"APCPsfc":0,"WNDSPD10m":15,"WNDGUST10m":0,"WNDDIR10m":114,"WNDDIRCARD10":"SE","ISSNOW":0,"HCDC":"100.00","MCDC":"46.00","LCDC":"0.00","HGT0C":3100,"KINDEX":37,"CAPE180_0":"0.000","CIN180_0":0},"14H00":{"ICON":"https:\/\/prevision-meteo.ch\/style\/images\/icon\/eclaircies.png","CONDITION":"Eclaircies","CONDITION_KEY":"eclaircies","TMP2m":16.1,"DPT2m":-273.2,"WNDCHILL2m":null,"HUMIDEX":null,"RH2m":63,"PRMSL":1023.9,"APCPsfc":0,"WNDSPD10m":15,"WNDGUST10m":0,"WNDDIR10m":114,"WNDDIRCARD10":"SE","ISSNOW":0,"HCDC":"100.00","MCDC":"82.30","LCDC":"0.00","HGT0C":3100,"KINDEX":37,"CAPE180_0":"0.000","CIN180_0":0},"15H00":{"ICON":"https:\/\/prevision-meteo.ch\/style\/images\/icon\/eclaircies.png","CONDITION":"Eclaircies","CONDITION_KEY":"eclaircies","TMP2m":16.2,"DPT2m":-273.2,"WNDCHILL2m":null,"HUMIDEX":null,"RH2m":60,"PRMSL":1023.1,"APCPsfc":0,"WNDSPD10m":14,"WNDGUST10m":0,"WNDDIR10m":113,"WNDDIRCARD10":"E","ISSNOW":0,"HCDC":"100.00","MCDC":"63.30","LCDC":"0.00","HGT0C":3100,"KINDEX":37,"CAPE180_0":"0.000","CIN180_0":0},"16H00":{"ICON":"https:\/\/prevision-meteo.ch\/style\/images\/icon\/eclaircies.png","CONDITION":"Eclaircies","CONDITION_KEY":"eclaircies","TMP2m":16.4,"DPT2m":-273.2,"WNDCHILL2m":null,"HUMIDEX":null,"RH2m":57,"PRMSL":1022.5,"APCPsfc":0,"WNDSPD10m":11,"WNDGUST10m":0,"WNDDIR10m":114,"WNDDIRCARD10":"SE","ISSNOW":0,"HCDC":"100.00","MCDC":"72.50","LCDC":"3.22","HGT0C":3100,"KINDEX":38,"CAPE180_0":"0.000","CIN180_0":0},"17H00":{"ICON":"https:\/\/prevision-meteo.ch\/style\/images\/icon\/eclaircies.png","CONDITION":"Eclaircies","CONDITION_KEY":"eclaircies","TMP2m":16.4,"DPT2m":-273.2,"WNDCHILL2m":null,"HUMIDEX":null,"RH2m":56,"PRMSL":1022,"APCPsfc":0,"WNDSPD10m":10,"WNDGUST10m":0,"WNDDIR10m":125,"WNDDIRCARD10":"SE","ISSNOW":0,"HCDC":"100.00","MCDC":"57.80","LCDC":"0.00","HGT0C":3100,"KINDEX":38,"CAPE180_0":"0.000","CIN180_0":0},"18H00":{"ICON":"https:\/\/prevision-meteo.ch\/style\/images\/icon\/eclaircies.png","CONDITION":"Eclaircies","CONDITION_KEY":"eclaircies","TMP2m":16.4,"DPT2m":-273.2,"WNDCHILL2m":null,"HUMIDEX":null,"RH2m":55,"PRMSL":1021.7,"APCPsfc":0,"WNDSPD10m":10,"WNDGUST10m":0,"WNDDIR10m":127,"WNDDIRCARD10":"SE","ISSNOW":0,"HCDC":"100.00","MCDC":"70.20","LCDC":"0.00","HGT0C":3100,"KINDEX":38,"CAPE180_0":"0.000","CIN180_0":0},"19H00":{"ICON":"https:\/\/prevision-meteo.ch\/style\/images\/icon\/eclaircies.png","CONDITION":"Eclaircies","CONDITION_KEY":"eclaircies","TMP2m":16.5,"DPT2m":-273.2,"WNDCHILL2m":null,"HUMIDEX":null,"RH2m":54,"PRMSL":1021.5,"APCPsfc":0,"WNDSPD10m":6,"WNDGUST10m":0,"WNDDIR10m":133,"WNDDIRCARD10":"SE","ISSNOW":0,"HCDC":"100.00","MCDC":"24.70","LCDC":"0.00","HGT0C":3100,"KINDEX":39,"CAPE180_0":"0.000","CIN180_0":0},"20H00":{"ICON":"https:\/\/prevision-meteo.ch\/style\/images\/icon\/eclaircies.png","CONDITION":"Eclaircies","CONDITION_KEY":"eclaircies","TMP2m":16.6,"DPT2m":-273.2,"WNDCHILL2m":null,"HUMIDEX":null,"RH2m":55,"PRMSL":1021.4,"APCPsfc":0,"WNDSPD10m":3,"WNDGUST10m":0,"WNDDIR10m":159,"WNDDIRCARD10":"S","ISSNOW":0,"HCDC":"77.20","MCDC":"45.40","LCDC":"4.12","HGT0C":3100,"KINDEX":39,"CAPE180_0":"0.000","CIN180_0":0},"21H00":{"ICON":"https:\/\/prevision-meteo.ch\/style\/images\/icon\/nuit-nuageuse.png","CONDITION":"Nuit nuageuse","CONDITION_KEY":"nuit-nuageuse","TMP2m":16.7,"DPT2m":-273.2,"WNDCHILL2m":null,"HUMIDEX":null,"RH2m":56,"PRMSL":1021.2,"APCPsfc":0,"WNDSPD10m":3,"WNDGUST10m":0,"WNDDIR10m":180,"WNDDIRCARD10":"S","ISSNOW":0,"HCDC":"33.60","MCDC":"56.60","LCDC":"16.60","HGT0C":3100,"KINDEX":39,"CAPE180_0":"0.000","CIN180_0":0},"22H00":{"ICON":"https:\/\/prevision-meteo.ch\/style\/images\/icon\/nuit-nuageuse.png","CONDITION":"Nuit nuageuse","CONDITION_KEY":"nuit-nuageuse","TMP2m":16.6,"DPT2m":-273.2,"WNDCHILL2m":null,"HUMIDEX":null,"RH2m":58,"PRMSL":1021.2,"APCPsfc":0,"WNDSPD10m":4,"WNDGUST10m":0,"WNDDIR10m":197,"WNDDIRCARD10":"S","ISSNOW":0,"HCDC":"11.70","MCDC":"69.40","LCDC":"18.85","HGT0C":3100,"KINDEX":40,"CAPE180_0":"0.000","CIN180_0":0},"23H00":{"ICON":"https:\/\/prevision-meteo.ch\/style\/images\/icon\/faiblement-nuageux.png","CONDITION":"Faiblement nuageux","CONDITION_KEY":"faiblement-nuageux","TMP2m":16.5,"DPT2m":-273.2,"WNDCHILL2m":null,"HUMIDEX":null,"RH2m":60,"PRMSL":1020.9,"APCPsfc":0,"WNDSPD10m":4,"WNDGUST10m":0,"WNDDIR10m":214,"WNDDIRCARD10":"SO","ISSNOW":0,"HCDC":"14.80","MCDC":"52.30","LCDC":"26.28","HGT0C":3200,"KINDEX":40,"CAPE180_0":"0.000","CIN180_0":0}}},"fcst_day_1":{"date":"03.05.2026","day_short":"Dim.","day_long":"Dimanche","tmin":16,"tmax":17,"condition":"Eclaircies","condition_key":"eclaircies","icon":"https:\/\/prevision-meteo.ch\/style\/images\/icon\/eclaircies.png","icon_big":"https:\/\/prevision-meteo.ch\/style\/images\/icon\/eclaircies-big.png","hourly_data":{"0H00":{"ICON":"https:\/\/prevision-meteo.ch\/style\/images\/icon\/faiblement-nuageux.png","CONDITION":"Faiblement nuageux","CONDITION_KEY":"faiblement-nuageux","TMP2m":16.6,"DPT2m":-273.2,"WNDCHILL2m":null,"HUMIDEX":null,"RH2m":59,"PRMSL":1021,"APCPsfc":0,"WNDSPD10m":4,"WNDGUST10m":0,"WNDDIR10m":228,"WNDDIRCARD10":"SO","ISSNOW":0,"HCDC":"5.80","MCDC":"29.20","LCDC":"0.00","HGT0C":3100,"KINDEX":40,"CAPE180_0":"0.000","CIN180_0":0},"1H00":{"ICON":"https:\/\/prevision-meteo.ch\/style\/images\/icon\/nuit-nuageuse.png","CONDITION":"Nuit nuageuse","CONDITION_KEY":"nuit-nuageuse","TMP2m":16.6,"DPT2m":-273.2,"WNDCHILL2m":null,"HUMIDEX":null,"RH2m":59,"PRMSL":1020.4,"APCPsfc":0,"WNDSPD10m":3,"WNDGUST10m":0,"WNDDIR10m":249,"WNDDIRCARD10":"O","ISSNOW":0,"HCDC":"72.30","MCDC":"20.80","LCDC":"4.46","HGT0C":3100,"KINDEX":40,"CAPE180_0":"0.000","CIN180_0":0},"2H00":{"ICON":"https:\/\/prevision-meteo.ch\/style\/images\/icon\/nuit-nuageuse.png","CONDITION":"Nuit nuageuse","CONDITION_KEY":"nuit-nuageuse","TMP2m":16.8,"DPT2m":-273.2,"WNDCHILL2m":null,"HUMIDEX":null,"RH2m":61,"PRMSL":1020,"APCPsfc":0,"WNDSPD10m":1,"WNDGUST10m":0,"WNDDIR10m":304,"WNDDIRCARD10":"NO","ISSNOW":0,"HCDC":"57.60","MCDC":"23.00","LCDC":"0.00","HGT0C":3100,"KINDEX":41,"CAPE180_0":"0.000","CIN180_0":0},"3H00":{"ICON":"https:\/\/prevision-meteo.ch\/style\/images\/icon\/faiblement-nuageux.png","CONDITION":"Faiblement nuageux","CONDITION_KEY":"faiblement-nuageux","TMP2m":16.8,"DPT2m":-273.2,"WNDCHILL2m":null,"HUMIDEX":null,"RH2m":59,"PRMSL":1019.7,"APCPsfc":0,"WNDSPD10m":2,"WNDGUST10m":0,"WNDDIR10m":297,"WNDDIRCARD10":"NO","ISSNOW":0,"HCDC":"27.10","MCDC":"17.30","LCDC":"0.00","HGT0C":3100,"KINDEX":41,"CAPE180_0":"0.000","CIN180_0":0},"4H00":{"ICON":"https:\/\/prevision-meteo.ch\/style\/images\/icon\/nuit-nuageuse.png","CONDITION":"Nuit nuageuse","CONDITION_KEY":"nuit-nuageuse","TMP2m":16.7,"DPT2m":-273.2,"WNDCHILL2m":null,"HUMIDEX":null,"RH2m":62,"PRMSL":1019.3,"APCPsfc":0,"WNDSPD10m":1,"WNDGUST10m":0,"WNDDIR10m":326,"WNDDIRCARD10":"NO","ISSNOW":0,"HCDC":"47.50","MCDC":"16.10","LCDC":"0.00","HGT0C":3100,"KINDEX":42,"CAPE180_0":"0.000","CIN180_0":0},"5H00":{"ICON":"https:\/\/prevision-meteo.ch\/style\/images\/icon\/nuit-nuageuse.png","CONDITION":"Nuit nuageuse","CONDITION_KEY":"nuit-nuageuse","TMP2m":16.7,"DPT2m":-273.2,"WNDCHILL2m":null,"HUMIDEX":null,"RH2m":64,"PRMSL":1019.1,"APCPsfc":0,"WNDSPD10m":1,"WNDGUST10m":0,"WNDDIR10m":63,"WNDDIRCARD10":"NE","ISSNOW":0,"HCDC":"60.00","MCDC":"60.10","LCDC":"0.00","HGT0C":3100,"KINDEX":43,"CAPE180_0":"0.000","CIN180_0":0},"6H00":{"ICON":"https:\/\/prevision-meteo.ch\/style\/images\/icon\/nuit-nuageuse.png","CONDITION":"Nuit nuageuse","CONDITION_KEY":"nuit-nuageuse","TMP2m":16.4,"DPT2m":-273.2,"WNDCHILL2m":null,"HUMIDEX":null,"RH2m":60,"PRMSL":1018.8,"APCPsfc":0,"WNDSPD10m":5,"WNDGUST10m":0,"WNDDIR10m":111,"WNDDIRCARD10":"E","ISSNOW":0,"HCDC":"1.20","MCDC":"47.30","LCDC":"0.00","HGT0C":3200,"KINDEX":45,"CAPE180_0":"0.000","CIN180_0":0},"7H00":{"ICON":"https:\/\/prevision-meteo.ch\/style\/images\/icon\/ciel-voile.png","CONDITION":"Ciel voil\u00e9","CONDITION_KEY":"ciel-voile","TMP2m":16.1,"DPT2m":-273.2,"WNDCHILL2m":null,"HUMIDEX":null,"RH2m":70,"PRMSL":1019.4,"APCPsfc":0,"WNDSPD10m":7,"WNDGUST10m":0,"WNDDIR10m":126,"WNDDIRCARD10":"SE","ISSNOW":0,"HCDC":"34.80","MCDC":"100.00","LCDC":"0.00","HGT0C":3100,"KINDEX":45,"CAPE180_0":"0.000","CIN180_0":0},"8H00":{"ICON":"https:\/\/prevision-meteo.ch\/style\/images\/icon\/eclaircies.png","CONDITION":"Eclaircies","CONDITION_KEY":"eclaircies","TMP2m":15.8,"DPT2m":-273.2,"WNDCHILL2m":null,"HUMIDEX":null,"RH2m":76,"PRMSL":1019.6,"APCPsfc":0,"WNDSPD10m":6,"WNDGUST10m":0,"WNDDIR10m":111,"WNDDIRCARD10":"E","ISSNOW":0,"HCDC":"100.00","MCDC":"100.00","LCDC":"0.00","HGT0C":3100,"KINDEX":44,"CAPE180_0":"0.000","CIN180_0":0},"9H00":{"ICON":"https:\/\/prevision-meteo.ch\/style\/images\/icon\/eclaircies.png","CONDITION":"Eclaircies","CONDITION_KEY":"eclaircies","TMP2m":15.8,"DPT2m":-273.2,"WNDCHILL2m":null,"HUMIDEX":null,"RH2m":78,"PRMSL":1019.8,"APCPsfc":0,"WNDSPD10m":9,"WNDGUST10m":0,"WNDDIR10m":97,"WNDDIRCARD10":"E","ISSNOW":0,"HCDC":"40.00","MCDC":"100.00","LCDC":"0.00","HGT0C":3100,"KINDEX":43,"CAPE180_0":"0.000","CIN180_0":0},"10H00":{"ICON":"https:\/\/prevision-meteo.ch\/style\/images\/icon\/eclaircies.png","CONDITION":"Eclaircies","CONDITION_KEY":"eclaircies","TMP2m":15.9,"DPT2m":-273.2,"WNDCHILL2m":null,"HUMIDEX":null,"RH2m":79,"PRMSL":1019.9,"APCPsfc":0,"WNDSPD10m":12,"WNDGUST10m":0,"WNDDIR10m":105,"WNDDIRCARD10":"E","ISSNOW":0,"HCDC":"0.00","MCDC":"39.50","LCDC":"0.00","HGT0C":3100,"KINDEX":42,"CAPE180_0":"0.000","CIN180_0":0},"11H00":{"ICON":"https:\/\/prevision-meteo.ch\/style\/images\/icon\/ensoleille.png","CONDITION":"Ensoleill\u00e9","CONDITION_KEY":"ensoleille","TMP2m":15.9,"DPT2m":-273.2,"WNDCHILL2m":null,"HUMIDEX":null,"RH2m":78,"PRMSL":1020.2,"APCPsfc":0,"WNDSPD10m":13,"WNDGUST10m":0,"WNDDIR10m":117,"WNDDIRCARD10":"SE","ISSNOW":0,"HCDC":"0.00","MCDC":"0.00","LCDC":"0.00","HGT0C":2900,"KINDEX":40,"CAPE180_0":"0.000","CIN180_0":0},"12H00":{"ICON":"https:\/\/prevision-meteo.ch\/style\/images\/icon\/eclaircies.png","CONDITION":"Eclaircies","CONDITION_KEY":"eclaircies","TMP2m":15.9,"DPT2m":-273.2,"WNDCHILL2m":null,"HUMIDEX":null,"RH2m":75,"PRMSL":1020.3,"APCPsfc":0,"WNDSPD10m":14,"WNDGUST10m":0,"WNDDIR10m":107,"WNDDIRCARD10":"E","ISSNOW":0,"HCDC":"0.00","MCDC":"5.80","LCDC":"0.00","HGT0C":2900,"KINDEX":39,"CAPE180_0":"0.000","CIN180_0":0},"13H00":{"ICON":"https:\/\/prevision-meteo.ch\/style\/images\/icon\/faibles-passages-nuageux.png","CONDITION":"Faibles passages nuageux","CONDITION_KEY":"faibles-passages-nuageux","TMP2m":16,"DPT2m":-273.2,"WNDCHILL2m":null,"HUMIDEX":null,"RH2m":75,"PRMSL":1020,"APCPsfc":0,"WNDSPD10m":13,"WNDGUST10m":0,"WNDDIR10m":114,"WNDDIRCARD10":"SE","ISSNOW":0,"HCDC":"0.00","MCDC":"6.00","LCDC":"2.11","HGT0C":2900,"KINDEX":38,"CAPE180_0":"0.000","CIN180_0":0},"14H00":{"ICON":"https:\/\/prevision-meteo.ch\/style\/images\/icon\/eclaircies.png","CONDITION":"Eclaircies","CONDITION_KEY":"eclaircies","TMP2m":16.2,"DPT2m":-273.2,"WNDCHILL2m":null,"HUMIDEX":null,"RH2m":73,"PRMSL":1019.8,"APCPsfc":0,"WNDSPD10m":11,"WNDGUST10m":0,"WNDDIR10m":122,"WNDDIRCARD10":"SE","ISSNOW":0,"HCDC":"0.00","MCDC":"1.60","LCDC":"0.00","HGT0C":3000,"KINDEX":38,"CAPE180_0":"0.000","CIN180_0":0},"15H00":{"ICON":"https:\/\/prevision-meteo.ch\/style\/images\/icon\/eclaircies.png","CONDITION":"Eclaircies","CONDITION_KEY":"eclaircies","TMP2m":16.3,"DPT2m":-273.2,"WNDCHILL2m":null,"HUMIDEX":null,"RH2m":70,"PRMSL":1018.9,"APCPsfc":0,"WNDSPD10m":13,"WNDGUST10m":0,"WNDDIR10m":110,"WNDDIRCARD10":"E","ISSNOW":0,"HCDC":"0.00","MCDC":"11.10","LCDC":"0.00","HGT0C":3000,"KINDEX":39,"CAPE180_0":"0.000","CIN180_0":0},"16H00":{"ICON":"https:\/\/prevision-meteo.ch\/style\/images\/icon\/eclaircies.png","CONDITION":"Eclaircies","CONDITION_KEY":"eclaircies","TMP2m":16.5,"DPT2m":-273.2,"WNDCHILL2m":null,"HUMIDEX":null,"RH2m":67,"PRMSL":1018.4,"APCPsfc":0,"WNDSPD10m":13,"WNDGUST10m":0,"WNDDIR10m":109,"WNDDIRCARD10":"E","ISSNOW":0,"HCDC":"0.00","MCDC":"46.20","LCDC":"0.00","HGT0C":3000,"KINDEX":41,"CAPE180_0":"0.000","CIN180_0":0},"17H00":{"ICON":"https:\/\/prevision-meteo.ch\/style\/images\/icon\/eclaircies.png","CONDITION":"Eclaircies","CONDITION_KEY":"eclaircies","TMP2m":16.8,"DPT2m":-273.2,"WNDCHILL2m":null,"HUMIDEX":null,"RH2m":65,"PRMSL":1018.1,"APCPsfc":0,"WNDSPD10m":13,"WNDGUST10m":0,"WNDDIR10m":101,"WNDDIRCARD10":"E","ISSNOW":0,"HCDC":"9.40","MCDC":"79.10","LCDC":"77.67","HGT0C":3000,"KINDEX":42,"CAPE180_0":"0.000","CIN180_0":0},"18H00":{"ICON":"https:\/\/prevision-meteo.ch\/style\/images\/icon\/ciel-voile.png","CONDITION":"Ciel voil\u00e9","CONDITION_KEY":"ciel-voile","TMP2m":17,"DPT2m":-273.2,"WNDCHILL2m":null,"HUMIDEX":null,"RH2m":65,"PRMSL":1017.5,"APCPsfc":0,"WNDSPD10m":13,"WNDGUST10m":0,"WNDDIR10m":96,"WNDDIRCARD10":"E","ISSNOW":0,"HCDC":"4.10","MCDC":"99.90","LCDC":"98.27","HGT0C":3000,"KINDEX":43,"CAPE180_0":"0.000","CIN180_0":0},"19H00":{"ICON":"https:\/\/prevision-meteo.ch\/style\/images\/icon\/ciel-voile.png","CONDITION":"Ciel voil\u00e9","CONDITION_KEY":"ciel-voile","TMP2m":17.2,"DPT2m":-273.2,"WNDCHILL2m":null,"HUMIDEX":null,"RH2m":64,"PRMSL":1017.3,"APCPsfc":0,"WNDSPD10m":14,"WNDGUST10m":0,"WNDDIR10m":93,"WNDDIRCARD10":"E","ISSNOW":0,"HCDC":"0.00","MCDC":"99.90","LCDC":"99.84","HGT0C":3100,"KINDEX":43,"CAPE180_0":"0.000","CIN180_0":0},"20H00":{"ICON":"https:\/\/prevision-meteo.ch\/style\/images\/icon\/ciel-voile.png","CONDITION":"Ciel voil\u00e9","CONDITION_KEY":"ciel-voile","TMP2m":17.2,"DPT2m":-273.2,"WNDCHILL2m":null,"HUMIDEX":null,"RH2m":67,"PRMSL":1017,"APCPsfc":0,"WNDSPD10m":12,"WNDGUST10m":0,"WNDDIR10m":97,"WNDDIRCARD10":"E","ISSNOW":0,"HCDC":"0.50","MCDC":"99.90","LCDC":"99.85","HGT0C":3100,"KINDEX":43,"CAPE180_0":"0.000","CIN180_0":0},"21H00":{"ICON":"https:\/\/prevision-meteo.ch\/style\/images\/icon\/nuit-legerement-voilee.png","CONDITION":"Nuit l\u00e9g\u00e8rement voil\u00e9e","CONDITION_KEY":"nuit-legerement-voilee","TMP2m":17.2,"DPT2m":-273.2,"WNDCHILL2m":null,"HUMIDEX":null,"RH2m":71,"PRMSL":1017.4,"APCPsfc":0,"WNDSPD10m":8,"WNDGUST10m":0,"WNDDIR10m":95,"WNDDIRCARD10":"E","ISSNOW":0,"HCDC":"13.30","MCDC":"99.90","LCDC":"99.87","HGT0C":3000,"KINDEX":44,"CAPE180_0":"0.000","CIN180_0":0},"22H00":{"ICON":"https:\/\/prevision-meteo.ch\/style\/images\/icon\/faiblement-nuageux.png","CONDITION":"Faiblement nuageux","CONDITION_KEY":"faiblement-nuageux","TMP2m":17.2,"DPT2m":-273.2,"WNDCHILL2m":null,"HUMIDEX":null,"RH2m":73,"PRMSL":1017.5,"APCPsfc":0,"WNDSPD10m":7,"WNDGUST10m":0,"WNDDIR10m":90,"WNDDIRCARD10":"E","ISSNOW":0,"HCDC":"0.20","MCDC":"80.20","LCDC":"99.31","HGT0C":2900,"KINDEX":45,"CAPE180_0":"0.000","CIN180_0":0},"23H00":{"ICON":"https:\/\/prevision-meteo.ch\/style\/images\/icon\/faiblement-nuageux.png","CONDITION":"Faiblement nuageux","CONDITION_KEY":"faiblement-nuageux","TMP2m":17.2,"DPT2m":-273.2,"WNDCHILL2m":null,"HUMIDEX":null,"RH2m":69,"PRMSL":1017.3,"APCPsfc":0,"WNDSPD10m":5,"WNDGUST10m":0,"WNDDIR10m":74,"WNDDIRCARD10":"E","ISSNOW":0,"HCDC":"0.00","MCDC":"91.70","LCDC":"99.86","HGT0C":2800,"KINDEX":45,"CAPE180_0":"0.000","CIN180_0":0}}},"fcst_day_2":{"date":"04.05.2026","day_short":"Lun.","day_long":"Lundi","tmin":13,"tmax":17,"condition":"Pluie mod\u00e9r\u00e9e","condition_key":"pluie-moderee","icon":"https:\/\/prevision-meteo.ch\/style\/images\/icon\/pluie-moderee.png","icon_big":"https:\/\/prevision-meteo.ch\/style\/images\/icon\/pluie-moderee-big.png","hourly_data":{"0H00":{"ICON":"https:\/\/prevision-meteo.ch\/style\/images\/icon\/nuit-nuageuse.png","CONDITION":"Nuit nuageuse","CONDITION_KEY":"nuit-nuageuse","TMP2m":17.3,"DPT2m":-273.2,"WNDCHILL2m":null,"HUMIDEX":null,"RH2m":67,"PRMSL":1016.9,"APCPsfc":0,"WNDSPD10m":10,"WNDGUST10m":0,"WNDDIR10m":63,"WNDDIRCARD10":"NE","ISSNOW":0,"HCDC":"5.70","MCDC":"99.90","LCDC":"99.84","HGT0C":2900,"KINDEX":43,"CAPE180_0":"0.000","CIN180_0":0},"1H00":{"ICON":"https:\/\/prevision-meteo.ch\/style\/images\/icon\/faiblement-nuageux.png","CONDITION":"Faiblement nuageux","CONDITION_KEY":"faiblement-nuageux","TMP2m":17.2,"DPT2m":-273.2,"WNDCHILL2m":null,"HUMIDEX":null,"RH2m":62,"PRMSL":1016.4,"APCPsfc":0,"WNDSPD10m":8,"WNDGUST10m":0,"WNDDIR10m":88,"WNDDIRCARD10":"E","ISSNOW":0,"HCDC":"0.00","MCDC":"77.60","LCDC":"99.85","HGT0C":2900,"KINDEX":32,"CAPE180_0":"0.000","CIN180_0":0},"2H00":{"ICON":"https:\/\/prevision-meteo.ch\/style\/images\/icon\/faiblement-nuageux.png","CONDITION":"Faiblement nuageux","CONDITION_KEY":"faiblement-nuageux","TMP2m":17.2,"DPT2m":-273.2,"WNDCHILL2m":null,"HUMIDEX":null,"RH2m":63,"PRMSL":1016.5,"APCPsfc":0,"WNDSPD10m":14,"WNDGUST10m":0,"WNDDIR10m":68,"WNDDIRCARD10":"NE","ISSNOW":0,"HCDC":"0.00","MCDC":"81.60","LCDC":"99.90","HGT0C":2700,"KINDEX":33,"CAPE180_0":"0.000","CIN180_0":0},"3H00":{"ICON":"https:\/\/prevision-meteo.ch\/style\/images\/icon\/fortement-nuageux.png","CONDITION":"Fortement nuageux","CONDITION_KEY":"fortement-nuageux","TMP2m":17,"DPT2m":-273.2,"WNDCHILL2m":null,"HUMIDEX":null,"RH2m":64,"PRMSL":1016.7,"APCPsfc":0,"WNDSPD10m":8,"WNDGUST10m":0,"WNDDIR10m":120,"WNDDIRCARD10":"SE","ISSNOW":0,"HCDC":"0.00","MCDC":"66.60","LCDC":"99.90","HGT0C":2300,"KINDEX":29,"CAPE180_0":"3.008","CIN180_0":-57},"4H00":{"ICON":"https:\/\/prevision-meteo.ch\/style\/images\/icon\/pluie-faible.png","CONDITION":"Pluie faible","CONDITION_KEY":"pluie-faible","TMP2m":15.9,"DPT2m":-273.2,"WNDCHILL2m":null,"HUMIDEX":null,"RH2m":76,"PRMSL":1017.6,"APCPsfc":0.2,"WNDSPD10m":18,"WNDGUST10m":0,"WNDDIR10m":230,"WNDDIRCARD10":"SO","ISSNOW":0,"HCDC":"0.00","MCDC":"66.60","LCDC":"99.90","HGT0C":2300,"KINDEX":26,"CAPE180_0":"44.000","CIN180_0":0},"5H00":{"ICON":"https:\/\/prevision-meteo.ch\/style\/images\/icon\/pluie-faible.png","CONDITION":"Pluie faible","CONDITION_KEY":"pluie-faible","TMP2m":14.9,"DPT2m":-273.2,"WNDCHILL2m":null,"HUMIDEX":null,"RH2m":72,"PRMSL":1017.5,"APCPsfc":0.5,"WNDSPD10m":24,"WNDGUST10m":0,"WNDDIR10m":359,"WNDDIRCARD10":"N","ISSNOW":0,"HCDC":"0.00","MCDC":"77.10","LCDC":"99.90","HGT0C":2200,"KINDEX":27,"CAPE180_0":"18.000","CIN180_0":-7},"6H00":{"ICON":"https:\/\/prevision-meteo.ch\/style\/images\/icon\/faiblement-nuageux.png","CONDITION":"Faiblement nuageux","CONDITION_KEY":"faiblement-nuageux","TMP2m":15.6,"DPT2m":-273.2,"WNDCHILL2m":null,"HUMIDEX":null,"RH2m":66,"PRMSL":1016.6,"APCPsfc":0,"WNDSPD10m":32,"WNDGUST10m":0,"WNDDIR10m":359,"WNDDIRCARD10":"N","ISSNOW":0,"HCDC":"0.00","MCDC":"76.80","LCDC":"99.90","HGT0C":2200,"KINDEX":22,"CAPE180_0":"30.000","CIN180_0":-18},"7H00":{"ICON":"https:\/\/prevision-meteo.ch\/style\/images\/icon\/faiblement-nuageux.png","CONDITION":"Faiblement nuageux","CONDITION_KEY":"faiblement-nuageux","TMP2m":16.5,"DPT2m":-273.2,"WNDCHILL2m":null,"HUMIDEX":null,"RH2m":64,"PRMSL":1016.8,"APCPsfc":0,"WNDSPD10m":19,"WNDGUST10m":0,"WNDDIR10m":26,"WNDDIRCARD10":"NE","ISSNOW":0,"HCDC":"0.00","MCDC":"84.70","LCDC":"99.90","HGT0C":2000,"KINDEX":23,"CAPE180_0":"19.000","CIN180_0":0},"8H00":{"ICON":"https:\/\/prevision-meteo.ch\/style\/images\/icon\/faiblement-nuageux.png","CONDITION":"Faiblement nuageux","CONDITION_KEY":"faiblement-nuageux","TMP2m":16.7,"DPT2m":-273.2,"WNDCHILL2m":null,"HUMIDEX":null,"RH2m":65,"PRMSL":1017.5,"APCPsfc":0,"WNDSPD10m":27,"WNDGUST10m":0,"WNDDIR10m":147,"WNDDIRCARD10":"SE","ISSNOW":0,"HCDC":"0.00","MCDC":"88.30","LCDC":"99.90","HGT0C":2400,"KINDEX":24,"CAPE180_0":"15.000","CIN180_0":0},"9H00":{"ICON":"https:\/\/prevision-meteo.ch\/style\/images\/icon\/pluie-moderee.png","CONDITION":"Pluie mod\u00e9r\u00e9e","CONDITION_KEY":"pluie-moderee","TMP2m":12.9,"DPT2m":-273.2,"WNDCHILL2m":null,"HUMIDEX":null,"RH2m":90,"PRMSL":1018.9,"APCPsfc":3.1,"WNDSPD10m":20,"WNDGUST10m":0,"WNDDIR10m":124,"WNDDIRCARD10":"SE","ISSNOW":0,"HCDC":"0.00","MCDC":"99.90","LCDC":"99.90","HGT0C":2300,"KINDEX":26,"CAPE180_0":"16.000","CIN180_0":0},"10H00":{"ICON":"https:\/\/prevision-meteo.ch\/style\/images\/icon\/pluie-moderee.png","CONDITION":"Pluie mod\u00e9r\u00e9e","CONDITION_KEY":"pluie-moderee","TMP2m":12.8,"DPT2m":-273.2,"WNDCHILL2m":null,"HUMIDEX":null,"RH2m":87,"PRMSL":1019,"APCPsfc":2.9,"WNDSPD10m":25,"WNDGUST10m":0,"WNDDIR10m":46,"WNDDIRCARD10":"NE","ISSNOW":0,"HCDC":"0.00","MCDC":"100.00","LCDC":"99.87","HGT0C":2300,"KINDEX":23,"CAPE180_0":"0.000","CIN180_0":0},"11H00":{"ICON":"https:\/\/prevision-meteo.ch\/style\/images\/icon\/pluie-moderee.png","CONDITION":"Pluie mod\u00e9r\u00e9e","CONDITION_KEY":"pluie-moderee","TMP2m":13.5,"DPT2m":-273.2,"WNDCHILL2m":null,"HUMIDEX":null,"RH2m":81,"PRMSL":1017.8,"APCPsfc":3,"WNDSPD10m":26,"WNDGUST10m":0,"WNDDIR10m":22,"WNDDIRCARD10":"N","ISSNOW":0,"HCDC":"2.70","MCDC":"100.00","LCDC":"99.84","HGT0C":2400,"KINDEX":22,"CAPE180_0":"18.000","CIN180_0":0},"12H00":{"ICON":"https:\/\/prevision-meteo.ch\/style\/images\/icon\/pluie-faible.png","CONDITION":"Pluie faible","CONDITION_KEY":"pluie-faible","TMP2m":14.8,"DPT2m":-273.2,"WNDCHILL2m":null,"HUMIDEX":null,"RH2m":73,"PRMSL":1017.5,"APCPsfc":0.5,"WNDSPD10m":35,"WNDGUST10m":0,"WNDDIR10m":15,"WNDDIRCARD10":"N","ISSNOW":0,"HCDC":"32.90","MCDC":"100.00","LCDC":"96.88","HGT0C":2100,"KINDEX":22,"CAPE180_0":"1.000","CIN180_0":0},"13H00":{"ICON":"https:\/\/prevision-meteo.ch\/style\/images\/icon\/pluie-faible.png","CONDITION":"Pluie faible","CONDITION_KEY":"pluie-faible","TMP2m":15.5,"DPT2m":-273.2,"WNDCHILL2m":null,"HUMIDEX":null,"RH2m":68,"PRMSL":1017.2,"APCPsfc":0.1,"WNDSPD10m":29,"WNDGUST10m":0,"WNDDIR10m":17,"WNDDIRCARD10":"N","ISSNOW":0,"HCDC":"5.00","MCDC":"98.10","LCDC":"64.36","HGT0C":2000,"KINDEX":22,"CAPE180_0":"23.000","CIN180_0":0},"14H00":{"ICON":"https:\/\/prevision-meteo.ch\/style\/images\/icon\/pluie-moderee.png","CONDITION":"Pluie mod\u00e9r\u00e9e","CONDITION_KEY":"pluie-moderee","TMP2m":14.7,"DPT2m":-273.2,"WNDCHILL2m":null,"HUMIDEX":null,"RH2m":76,"PRMSL":1016.6,"APCPsfc":2.5,"WNDSPD10m":33,"WNDGUST10m":0,"WNDDIR10m":56,"WNDDIRCARD10":"NE","ISSNOW":0,"HCDC":"0.50","MCDC":"98.40","LCDC":"87.40","HGT0C":3000,"KINDEX":24,"CAPE180_0":"13.000","CIN180_0":0},"15H00":{"ICON":"https:\/\/prevision-meteo.ch\/style\/images\/icon\/pluie-moderee.png","CONDITION":"Pluie mod\u00e9r\u00e9e","CONDITION_KEY":"pluie-moderee","TMP2m":14.8,"DPT2m":-273.2,"WNDCHILL2m":null,"HUMIDEX":null,"RH2m":78,"PRMSL":1016.1,"APCPsfc":1.3,"WNDSPD10m":34,"WNDGUST10m":0,"WNDDIR10m":64,"WNDDIRCARD10":"NE","ISSNOW":0,"HCDC":"0.00","MCDC":"100.00","LCDC":"99.76","HGT0C":2900,"KINDEX":24,"CAPE180_0":"20.000","CIN180_0":0},"16H00":{"ICON":"https:\/\/prevision-meteo.ch\/style\/images\/icon\/pluie-faible.png","CONDITION":"Pluie faible","CONDITION_KEY":"pluie-faible","TMP2m":14.9,"DPT2m":-273.2,"WNDCHILL2m":null,"HUMIDEX":null,"RH2m":80,"PRMSL":1015.3,"APCPsfc":0.7,"WNDSPD10m":36,"WNDGUST10m":0,"WNDDIR10m":65,"WNDDIRCARD10":"NE","ISSNOW":0,"HCDC":"0.00","MCDC":"100.00","LCDC":"99.89","HGT0C":3000,"KINDEX":25,"CAPE180_0":"13.000","CIN180_0":0},"17H00":{"ICON":"https:\/\/prevision-meteo.ch\/style\/images\/icon\/pluie-moderee.png","CONDITION":"Pluie mod\u00e9r\u00e9e","CONDITION_KEY":"pluie-moderee","TMP2m":14.5,"DPT2m":-273.2,"WNDCHILL2m":null,"HUMIDEX":null,"RH2m":85,"PRMSL":1015.2,"APCPsfc":1.8,"WNDSPD10m":36,"WNDGUST10m":0,"WNDDIR10m":66,"WNDDIRCARD10":"NE","ISSNOW":0,"HCDC":"0.00","MCDC":"100.00","LCDC":"99.89","HGT0C":3200,"KINDEX":27,"CAPE180_0":"8.000","CIN180_0":0},"18H00":{"ICON":"https:\/\/prevision-meteo.ch\/style\/images\/icon\/pluie-moderee.png","CONDITION":"Pluie mod\u00e9r\u00e9e","CONDITION_KEY":"pluie-moderee","TMP2m":14.5,"DPT2m":-273.2,"WNDCHILL2m":null,"HUMIDEX":null,"RH2m":84,"PRMSL":1014.4,"APCPsfc":1.1,"WNDSPD10m":37,"WNDGUST10m":0,"WNDDIR10m":64,"WNDDIRCARD10":"NE","ISSNOW":0,"HCDC":"0.00","MCDC":"100.00","LCDC":"99.84","HGT0C":3100,"KINDEX":28,"CAPE180_0":"16.000","CIN180_0":0},"19H00":{"ICON":"https:\/\/prevision-meteo.ch\/style\/images\/icon\/pluie-faible.png","CONDITION":"Pluie faible","CONDITION_KEY":"pluie-faible","TMP2m":14.8,"DPT2m":-273.2,"WNDCHILL2m":null,"HUMIDEX":null,"RH2m":84,"PRMSL":1013.6,"APCPsfc":0.9,"WNDSPD10m":40,"WNDGUST10m":0,"WNDDIR10m":65,"WNDDIRCARD10":"NE","ISSNOW":0,"HCDC":"0.00","MCDC":"90.00","LCDC":"99.88","HGT0C":3100,"KINDEX":29,"CAPE180_0":"29.000","CIN180_0":-8},"20H00":{"ICON":"https:\/\/prevision-meteo.ch\/style\/images\/icon\/pluie-moderee.png","CONDITION":"Pluie mod\u00e9r\u00e9e","CONDITION_KEY":"pluie-moderee","TMP2m":14.6,"DPT2m":-273.2,"WNDCHILL2m":null,"HUMIDEX":null,"RH2m":89,"PRMSL":1013.4,"APCPsfc":1.6,"WNDSPD10m":42,"WNDGUST10m":0,"WNDDIR10m":75,"WNDDIRCARD10":"E","ISSNOW":0,"HCDC":"0.00","MCDC":"89.60","LCDC":"99.88","HGT0C":3200,"KINDEX":29,"CAPE180_0":"70.000","CIN180_0":-12},"21H00":{"ICON":"https:\/\/prevision-meteo.ch\/style\/images\/icon\/pluie-moderee.png","CONDITION":"Pluie mod\u00e9r\u00e9e","CONDITION_KEY":"pluie-moderee","TMP2m":14.3,"DPT2m":-273.2,"WNDCHILL2m":null,"HUMIDEX":null,"RH2m":92,"PRMSL":1013.6,"APCPsfc":2.8,"WNDSPD10m":40,"WNDGUST10m":0,"WNDDIR10m":70,"WNDDIRCARD10":"E","ISSNOW":0,"HCDC":"0.00","MCDC":"99.90","LCDC":"99.78","HGT0C":3200,"KINDEX":29,"CAPE180_0":"92.000","CIN180_0":-14},"22H00":{"ICON":"https:\/\/prevision-meteo.ch\/style\/images\/icon\/pluie-moderee.png","CONDITION":"Pluie mod\u00e9r\u00e9e","CONDITION_KEY":"pluie-moderee","TMP2m":14.7,"DPT2m":-273.2,"WNDCHILL2m":null,"HUMIDEX":null,"RH2m":89,"PRMSL":1013.4,"APCPsfc":3.1,"WNDSPD10m":38,"WNDGUST10m":0,"WNDDIR10m":64,"WNDDIRCARD10":"NE","ISSNOW":0,"HCDC":"0.00","MCDC":"79.00","LCDC":"72.54","HGT0C":3100,"KINDEX":31,"CAPE180_0":"151.000","CIN180_0":0},"23H00":{"ICON":"https:\/\/prevision-meteo.ch\/style\/images\/icon\/pluie-moderee.png","CONDITION":"Pluie mod\u00e9r\u00e9e","CONDITION_KEY":"pluie-moderee","TMP2m":15.1,"DPT2m":-273.2,"WNDCHILL2m":null,"HUMIDEX":null,"RH2m":87,"PRMSL":1012.6,"APCPsfc":1.6,"WNDSPD10m":39,"WNDGUST10m":0,"WNDDIR10m":66,"WNDDIRCARD10":"NE","ISSNOW":0,"HCDC":"0.00","MCDC":"66.40","LCDC":"45.30","HGT0C":3000,"KINDEX":33,"CAPE180_0":"215.008","CIN180_0":0}}},"fcst_day_3":{"date":"05.05.2026","day_short":"Mar.","day_long":"Mardi","tmin":13,"tmax":16,"condition":"Eclaircies","condition_key":"eclaircies","icon":"https:\/\/prevision-meteo.ch\/style\/images\/icon\/eclaircies.png","icon_big":"https:\/\/prevision-meteo.ch\/style\/images\/icon\/eclaircies-big.png","hourly_data":{"0H00":{"ICON":"https:\/\/prevision-meteo.ch\/style\/images\/icon\/pluie-moderee.png","CONDITION":"Pluie mod\u00e9r\u00e9e","CONDITION_KEY":"pluie-moderee","TMP2m":15.3,"DPT2m":-273.2,"WNDCHILL2m":null,"HUMIDEX":null,"RH2m":89,"PRMSL":1012.3,"APCPsfc":1.1,"WNDSPD10m":38,"WNDGUST10m":0,"WNDDIR10m":70,"WNDDIRCARD10":"E","ISSNOW":0,"HCDC":"0.00","MCDC":"67.50","LCDC":"26.30","HGT0C":3000,"KINDEX":33,"CAPE180_0":"263.008","CIN180_0":0},"1H00":{"ICON":"https:\/\/prevision-meteo.ch\/style\/images\/icon\/nuit-avec-averses.png","CONDITION":"Nuit avec averses","CONDITION_KEY":"nuit-avec-averses","TMP2m":15.5,"DPT2m":-273.2,"WNDCHILL2m":null,"HUMIDEX":null,"RH2m":90,"PRMSL":1011.6,"APCPsfc":0.5,"WNDSPD10m":33,"WNDGUST10m":0,"WNDDIR10m":77,"WNDDIRCARD10":"E","ISSNOW":0,"HCDC":"0.00","MCDC":"81.70","LCDC":"63.20","HGT0C":2900,"KINDEX":34,"CAPE180_0":"228.000","CIN180_0":0},"2H00":{"ICON":"https:\/\/prevision-meteo.ch\/style\/images\/icon\/nuit-avec-averses.png","CONDITION":"Nuit avec averses","CONDITION_KEY":"nuit-avec-averses","TMP2m":15.7,"DPT2m":-273.2,"WNDCHILL2m":null,"HUMIDEX":null,"RH2m":93,"PRMSL":1010.9,"APCPsfc":0.3,"WNDSPD10m":32,"WNDGUST10m":0,"WNDDIR10m":84,"WNDDIRCARD10":"E","ISSNOW":0,"HCDC":"0.00","MCDC":"58.80","LCDC":"17.60","HGT0C":2900,"KINDEX":36,"CAPE180_0":"140.000","CIN180_0":0},"3H00":{"ICON":"https:\/\/prevision-meteo.ch\/style\/images\/icon\/nuit-avec-averses.png","CONDITION":"Nuit avec averses","CONDITION_KEY":"nuit-avec-averses","TMP2m":15.9,"DPT2m":-273.2,"WNDCHILL2m":null,"HUMIDEX":null,"RH2m":95,"PRMSL":1010.2,"APCPsfc":0.3,"WNDSPD10m":28,"WNDGUST10m":0,"WNDDIR10m":105,"WNDDIRCARD10":"E","ISSNOW":0,"HCDC":"0.00","MCDC":"11.10","LCDC":"7.10","HGT0C":3000,"KINDEX":38,"CAPE180_0":"225.008","CIN180_0":0},"4H00":{"ICON":"https:\/\/prevision-meteo.ch\/style\/images\/icon\/nuit-avec-averses.png","CONDITION":"Nuit avec averses","CONDITION_KEY":"nuit-avec-averses","TMP2m":16.2,"DPT2m":-273.2,"WNDCHILL2m":null,"HUMIDEX":null,"RH2m":96,"PRMSL":1009.9,"APCPsfc":0.4,"WNDSPD10m":20,"WNDGUST10m":0,"WNDDIR10m":172,"WNDDIRCARD10":"S","ISSNOW":0,"HCDC":"0.00","MCDC":"0.00","LCDC":"8.00","HGT0C":2800,"KINDEX":38,"CAPE180_0":"473.008","CIN180_0":0},"5H00":{"ICON":"https:\/\/prevision-meteo.ch\/style\/images\/icon\/nuit-avec-averses.png","CONDITION":"Nuit avec averses","CONDITION_KEY":"nuit-avec-averses","TMP2m":15.9,"DPT2m":-273.2,"WNDCHILL2m":null,"HUMIDEX":null,"RH2m":98,"PRMSL":1009.5,"APCPsfc":1,"WNDSPD10m":16,"WNDGUST10m":0,"WNDDIR10m":198,"WNDDIRCARD10":"S","ISSNOW":0,"HCDC":"0.00","MCDC":"0.00","LCDC":"5.60","HGT0C":2900,"KINDEX":39,"CAPE180_0":"459.008","CIN180_0":0},"6H00":{"ICON":"https:\/\/prevision-meteo.ch\/style\/images\/icon\/nuit-avec-averses.png","CONDITION":"Nuit avec averses","CONDITION_KEY":"nuit-avec-averses","TMP2m":15.9,"DPT2m":-273.2,"WNDCHILL2m":null,"HUMIDEX":null,"RH2m":97,"PRMSL":1009.7,"APCPsfc":0.2,"WNDSPD10m":10,"WNDGUST10m":0,"WNDDIR10m":174,"WNDDIRCARD10":"S","ISSNOW":0,"HCDC":"0.00","MCDC":"0.00","LCDC":"28.90","HGT0C":2800,"KINDEX":38,"CAPE180_0":"437.008","CIN180_0":0},"7H00":{"ICON":"https:\/\/prevision-meteo.ch\/style\/images\/icon\/averses-de-pluie-faible.png","CONDITION":"Averses de pluie faible","CONDITION_KEY":"averses-de-pluie-faible","TMP2m":16,"DPT2m":-273.2,"WNDCHILL2m":null,"HUMIDEX":null,"RH2m":97,"PRMSL":1010.2,"APCPsfc":0.4,"WNDSPD10m":13,"WNDGUST10m":0,"WNDDIR10m":151,"WNDDIRCARD10":"SE","ISSNOW":0,"HCDC":"0.00","MCDC":"0.00","LCDC":"29.30","HGT0C":2800,"KINDEX":39,"CAPE180_0":"536.000","CIN180_0":0},"8H00":{"ICON":"https:\/\/prevision-meteo.ch\/style\/images\/icon\/averses-de-pluie-faible.png","CONDITION":"Averses de pluie faible","CONDITION_KEY":"averses-de-pluie-faible","TMP2m":15.9,"DPT2m":-273.2,"WNDCHILL2m":null,"HUMIDEX":null,"RH2m":97,"PRMSL":1010.1,"APCPsfc":0.8,"WNDSPD10m":16,"WNDGUST10m":0,"WNDDIR10m":153,"WNDDIRCARD10":"SE","ISSNOW":0,"HCDC":"0.00","MCDC":"0.00","LCDC":"41.70","HGT0C":2700,"KINDEX":39,"CAPE180_0":"521.008","CIN180_0":0},"9H00":{"ICON":"https:\/\/prevision-meteo.ch\/style\/images\/icon\/averses-de-pluie-faible.png","CONDITION":"Averses de pluie faible","CONDITION_KEY":"averses-de-pluie-faible","TMP2m":16,"DPT2m":-273.2,"WNDCHILL2m":null,"HUMIDEX":null,"RH2m":97,"PRMSL":1010.1,"APCPsfc":0.5,"WNDSPD10m":21,"WNDGUST10m":0,"WNDDIR10m":139,"WNDDIRCARD10":"SE","ISSNOW":0,"HCDC":"0.00","MCDC":"0.00","LCDC":"9.10","HGT0C":2700,"KINDEX":40,"CAPE180_0":"519.008","CIN180_0":0},"10H00":{"ICON":"https:\/\/prevision-meteo.ch\/style\/images\/icon\/averses-de-pluie-faible.png","CONDITION":"Averses de pluie faible","CONDITION_KEY":"averses-de-pluie-faible","TMP2m":15.7,"DPT2m":-273.2,"WNDCHILL2m":null,"HUMIDEX":null,"RH2m":95,"PRMSL":1010.3,"APCPsfc":0.4,"WNDSPD10m":21,"WNDGUST10m":0,"WNDDIR10m":105,"WNDDIRCARD10":"E","ISSNOW":0,"HCDC":"0.00","MCDC":"0.00","LCDC":"15.70","HGT0C":2700,"KINDEX":40,"CAPE180_0":"275.008","CIN180_0":0},"11H00":{"ICON":"https:\/\/prevision-meteo.ch\/style\/images\/icon\/averses-de-pluie-faible.png","CONDITION":"Averses de pluie faible","CONDITION_KEY":"averses-de-pluie-faible","TMP2m":15,"DPT2m":-273.2,"WNDCHILL2m":null,"HUMIDEX":null,"RH2m":94,"PRMSL":1010.4,"APCPsfc":0.9,"WNDSPD10m":31,"WNDGUST10m":0,"WNDDIR10m":88,"WNDDIRCARD10":"E","ISSNOW":0,"HCDC":"0.00","MCDC":"0.00","LCDC":"14.10","HGT0C":2700,"KINDEX":40,"CAPE180_0":"173.008","CIN180_0":0},"12H00":{"ICON":"https:\/\/prevision-meteo.ch\/style\/images\/icon\/averses-de-pluie-faible.png","CONDITION":"Averses de pluie faible","CONDITION_KEY":"averses-de-pluie-faible","TMP2m":15.3,"DPT2m":-273.2,"WNDCHILL2m":null,"HUMIDEX":null,"RH2m":87,"PRMSL":1010.3,"APCPsfc":0.3,"WNDSPD10m":28,"WNDGUST10m":0,"WNDDIR10m":81,"WNDDIRCARD10":"E","ISSNOW":0,"HCDC":"0.00","MCDC":"1.70","LCDC":"15.80","HGT0C":2700,"KINDEX":42,"CAPE180_0":"179.008","CIN180_0":0},"13H00":{"ICON":"https:\/\/prevision-meteo.ch\/style\/images\/icon\/averses-de-pluie-faible.png","CONDITION":"Averses de pluie faible","CONDITION_KEY":"averses-de-pluie-faible","TMP2m":15.7,"DPT2m":-273.2,"WNDCHILL2m":null,"HUMIDEX":null,"RH2m":83,"PRMSL":1010.2,"APCPsfc":0.1,"WNDSPD10m":28,"WNDGUST10m":0,"WNDDIR10m":89,"WNDDIRCARD10":"E","ISSNOW":0,"HCDC":"0.00","MCDC":"16.60","LCDC":"14.60","HGT0C":2800,"KINDEX":44,"CAPE180_0":"200.000","CIN180_0":0},"14H00":{"ICON":"https:\/\/prevision-meteo.ch\/style\/images\/icon\/eclaircies.png","CONDITION":"Eclaircies","CONDITION_KEY":"eclaircies","TMP2m":15.7,"DPT2m":-273.2,"WNDCHILL2m":null,"HUMIDEX":null,"RH2m":83,"PRMSL":1010,"APCPsfc":0,"WNDSPD10m":27,"WNDGUST10m":0,"WNDDIR10m":89,"WNDDIRCARD10":"E","ISSNOW":0,"HCDC":"0.00","MCDC":"15.50","LCDC":"0.00","HGT0C":2800,"KINDEX":46,"CAPE180_0":"159.000","CIN180_0":0},"15H00":{"ICON":"https:\/\/prevision-meteo.ch\/style\/images\/icon\/eclaircies.png","CONDITION":"Eclaircies","CONDITION_KEY":"eclaircies","TMP2m":16,"DPT2m":-273.2,"WNDCHILL2m":null,"HUMIDEX":null,"RH2m":82,"PRMSL":1009.5,"APCPsfc":0,"WNDSPD10m":22,"WNDGUST10m":0,"WNDDIR10m":88,"WNDDIRCARD10":"E","ISSNOW":0,"HCDC":"0.00","MCDC":"15.30","LCDC":"0.00","HGT0C":2700,"KINDEX":47,"CAPE180_0":"82.000","CIN180_0":-4},"16H00":{"ICON":"https:\/\/prevision-meteo.ch\/style\/images\/icon\/eclaircies.png","CONDITION":"Eclaircies","CONDITION_KEY":"eclaircies","TMP2m":16.1,"DPT2m":-273.2,"WNDCHILL2m":null,"HUMIDEX":null,"RH2m":82,"PRMSL":1009.1,"APCPsfc":0,"WNDSPD10m":20,"WNDGUST10m":0,"WNDDIR10m":97,"WNDDIRCARD10":"E","ISSNOW":0,"HCDC":"0.00","MCDC":"16.80","LCDC":"0.00","HGT0C":2700,"KINDEX":47,"CAPE180_0":"185.000","CIN180_0":-1},"17H00":{"ICON":"https:\/\/prevision-meteo.ch\/style\/images\/icon\/eclaircies.png","CONDITION":"Eclaircies","CONDITION_KEY":"eclaircies","TMP2m":16,"DPT2m":-273.2,"WNDCHILL2m":null,"HUMIDEX":null,"RH2m":85,"PRMSL":1009.1,"APCPsfc":0,"WNDSPD10m":21,"WNDGUST10m":0,"WNDDIR10m":103,"WNDDIRCARD10":"E","ISSNOW":0,"HCDC":"0.00","MCDC":"16.10","LCDC":"0.00","HGT0C":2700,"KINDEX":47,"CAPE180_0":"200.000","CIN180_0":-2},"18H00":{"ICON":"https:\/\/prevision-meteo.ch\/style\/images\/icon\/eclaircies.png","CONDITION":"Eclaircies","CONDITION_KEY":"eclaircies","TMP2m":15.8,"DPT2m":-273.2,"WNDCHILL2m":null,"HUMIDEX":null,"RH2m":87,"PRMSL":1008.9,"APCPsfc":0,"WNDSPD10m":21,"WNDGUST10m":0,"WNDDIR10m":105,"WNDDIRCARD10":"E","ISSNOW":0,"HCDC":"0.00","MCDC":"18.70","LCDC":"0.00","HGT0C":2600,"KINDEX":46,"CAPE180_0":"185.000","CIN180_0":-4},"19H00":{"ICON":"https:\/\/prevision-meteo.ch\/style\/images\/icon\/eclaircies.png","CONDITION":"Eclaircies","CONDITION_KEY":"eclaircies","TMP2m":15.9,"DPT2m":-273.2,"WNDCHILL2m":null,"HUMIDEX":null,"RH2m":88,"PRMSL":1008.8,"APCPsfc":0,"WNDSPD10m":15,"WNDGUST10m":0,"WNDDIR10m":99,"WNDDIRCARD10":"E","ISSNOW":0,"HCDC":"0.00","MCDC":"17.30","LCDC":"18.20","HGT0C":2700,"KINDEX":46,"CAPE180_0":"158.000","CIN180_0":-7},"20H00":{"ICON":"https:\/\/prevision-meteo.ch\/style\/images\/icon\/ensoleille.png","CONDITION":"Ensoleill\u00e9","CONDITION_KEY":"ensoleille","TMP2m":16.9,"DPT2m":-273.2,"WNDCHILL2m":null,"HUMIDEX":null,"RH2m":96,"PRMSL":1008.1,"APCPsfc":0.1,"WNDSPD10m":12,"WNDGUST10m":0,"WNDDIR10m":162,"WNDDIRCARD10":"S","ISSNOW":0,"HCDC":"0.00","MCDC":"0.00","LCDC":"0.00","HGT0C":2700,"KINDEX":45,"CAPE180_0":"488.000","CIN180_0":0},"21H00":{"ICON":"https:\/\/prevision-meteo.ch\/style\/images\/icon\/nuit-avec-developpement-nuageux.png","CONDITION":"Nuit avec d\u00e9veloppement nuageux","CONDITION_KEY":"nuit-avec-developpement-nuageux","TMP2m":16.4,"DPT2m":-273.2,"WNDCHILL2m":null,"HUMIDEX":null,"RH2m":98,"PRMSL":1008.3,"APCPsfc":0,"WNDSPD10m":8,"WNDGUST10m":0,"WNDDIR10m":167,"WNDDIRCARD10":"S","ISSNOW":0,"HCDC":"0.00","MCDC":"0.00","LCDC":"0.00","HGT0C":2600,"KINDEX":44,"CAPE180_0":"445.000","CIN180_0":0},"22H00":{"ICON":"https:\/\/prevision-meteo.ch\/style\/images\/icon\/nuit-avec-developpement-nuageux.png","CONDITION":"Nuit avec d\u00e9veloppement nuageux","CONDITION_KEY":"nuit-avec-developpement-nuageux","TMP2m":16.1,"DPT2m":-273.2,"WNDCHILL2m":null,"HUMIDEX":null,"RH2m":98,"PRMSL":1008.7,"APCPsfc":0,"WNDSPD10m":5,"WNDGUST10m":0,"WNDDIR10m":193,"WNDDIRCARD10":"S","ISSNOW":0,"HCDC":"0.00","MCDC":"0.00","LCDC":"0.00","HGT0C":2600,"KINDEX":44,"CAPE180_0":"394.000","CIN180_0":0},"23H00":{"ICON":"https:\/\/prevision-meteo.ch\/style\/images\/icon\/nuit-avec-developpement-nuageux.png","CONDITION":"Nuit avec d\u00e9veloppement nuageux","CONDITION_KEY":"nuit-avec-developpement-nuageux","TMP2m":16,"DPT2m":-273.2,"WNDCHILL2m":null,"HUMIDEX":null,"RH2m":96,"PRMSL":1008.5,"APCPsfc":0,"WNDSPD10m":6,"WNDGUST10m":0,"WNDDIR10m":259,"WNDDIRCARD10":"O","ISSNOW":0,"HCDC":"0.00","MCDC":"0.00","LCDC":"0.00","HGT0C":2600,"KINDEX":44,"CAPE180_0":"310.000","CIN180_0":-3}}},"fcst_day_4":{"date":"06.05.2026","day_short":"Mer.","day_long":"Mercredi","tmin":13,"tmax":24,"condition":"Ensoleill\u00e9","condition_key":"ensoleille","icon":"https:\/\/prevision-meteo.ch\/style\/images\/icon\/ensoleille.png","icon_big":"https:\/\/prevision-meteo.ch\/style\/images\/icon\/ensoleille-big.png","hourly_data":{"0H00":{"ICON":"https:\/\/prevision-meteo.ch\/style\/images\/icon\/nuit-claire.png","CONDITION":"Nuit claire","CONDITION_KEY":"nuit-claire","TMP2m":15.5,"DPT2m":-273.2,"WNDCHILL2m":null,"HUMIDEX":null,"RH2m":91,"PRMSL":1008.6,"APCPsfc":0,"WNDSPD10m":6,"WNDGUST10m":0,"WNDDIR10m":289,"WNDDIRCARD10":"O","ISSNOW":0,"HCDC":"0.00","MCDC":"0.00","LCDC":"0.00","HGT0C":2600,"KINDEX":44,"CAPE180_0":"211.000","CIN180_0":-16},"1H00":{"ICON":"https:\/\/prevision-meteo.ch\/style\/images\/icon\/nuit-claire.png","CONDITION":"Nuit claire","CONDITION_KEY":"nuit-claire","TMP2m":15,"DPT2m":-273.2,"WNDCHILL2m":null,"HUMIDEX":null,"RH2m":89,"PRMSL":1008.1,"APCPsfc":0,"WNDSPD10m":7,"WNDGUST10m":0,"WNDDIR10m":302,"WNDDIRCARD10":"NO","ISSNOW":0,"HCDC":"0.00","MCDC":"0.00","LCDC":"0.00","HGT0C":2600,"KINDEX":43,"CAPE180_0":"148.000","CIN180_0":-31},"2H00":{"ICON":"https:\/\/prevision-meteo.ch\/style\/images\/icon\/nuit-claire.png","CONDITION":"Nuit claire","CONDITION_KEY":"nuit-claire","TMP2m":14.6,"DPT2m":-273.2,"WNDCHILL2m":null,"HUMIDEX":null,"RH2m":86,"PRMSL":1007.8,"APCPsfc":0,"WNDSPD10m":10,"WNDGUST10m":0,"WNDDIR10m":323,"WNDDIRCARD10":"NO","ISSNOW":0,"HCDC":"0.00","MCDC":"0.00","LCDC":"0.00","HGT0C":2600,"KINDEX":42,"CAPE180_0":"65.000","CIN180_0":-57},"3H00":{"ICON":"https:\/\/prevision-meteo.ch\/style\/images\/icon\/nuit-claire.png","CONDITION":"Nuit claire","CONDITION_KEY":"nuit-claire","TMP2m":14.2,"DPT2m":-273.2,"WNDCHILL2m":null,"HUMIDEX":null,"RH2m":82,"PRMSL":1007.5,"APCPsfc":0,"WNDSPD10m":12,"WNDGUST10m":0,"WNDDIR10m":336,"WNDDIRCARD10":"NO","ISSNOW":0,"HCDC":"0.00","MCDC":"0.00","LCDC":"0.00","HGT0C":2600,"KINDEX":40,"CAPE180_0":"0.000","CIN180_0":0},"4H00":{"ICON":"https:\/\/prevision-meteo.ch\/style\/images\/icon\/nuit-claire.png","CONDITION":"Nuit claire","CONDITION_KEY":"nuit-claire","TMP2m":13.8,"DPT2m":-273.2,"WNDCHILL2m":null,"HUMIDEX":null,"RH2m":80,"PRMSL":1007,"APCPsfc":0,"WNDSPD10m":14,"WNDGUST10m":0,"WNDDIR10m":338,"WNDDIRCARD10":"NO","ISSNOW":0,"HCDC":"0.00","MCDC":"0.00","LCDC":"0.00","HGT0C":2600,"KINDEX":39,"CAPE180_0":"0.000","CIN180_0":0},"5H00":{"ICON":"https:\/\/prevision-meteo.ch\/style\/images\/icon\/nuit-claire.png","CONDITION":"Nuit claire","CONDITION_KEY":"nuit-claire","TMP2m":13.5,"DPT2m":-273.2,"WNDCHILL2m":null,"HUMIDEX":null,"RH2m":77,"PRMSL":1006.9,"APCPsfc":0,"WNDSPD10m":14,"WNDGUST10m":0,"WNDDIR10m":340,"WNDDIRCARD10":"N","ISSNOW":0,"HCDC":"0.00","MCDC":"0.00","LCDC":"0.00","HGT0C":2500,"KINDEX":39,"CAPE180_0":"0.000","CIN180_0":0},"6H00":{"ICON":"https:\/\/prevision-meteo.ch\/style\/images\/icon\/nuit-claire.png","CONDITION":"Nuit claire","CONDITION_KEY":"nuit-claire","TMP2m":13.2,"DPT2m":-273.2,"WNDCHILL2m":null,"HUMIDEX":null,"RH2m":75,"PRMSL":1006.9,"APCPsfc":0,"WNDSPD10m":14,"WNDGUST10m":0,"WNDDIR10m":343,"WNDDIRCARD10":"N","ISSNOW":0,"HCDC":"0.00","MCDC":"0.00","LCDC":"0.00","HGT0C":2500,"KINDEX":38,"CAPE180_0":"0.000","CIN180_0":0},"7H00":{"ICON":"https:\/\/prevision-meteo.ch\/style\/images\/icon\/ensoleille.png","CONDITION":"Ensoleill\u00e9","CONDITION_KEY":"ensoleille","TMP2m":13.5,"DPT2m":-273.2,"WNDCHILL2m":null,"HUMIDEX":null,"RH2m":71,"PRMSL":1007.2,"APCPsfc":0,"WNDSPD10m":14,"WNDGUST10m":0,"WNDDIR10m":348,"WNDDIRCARD10":"N","ISSNOW":0,"HCDC":"0.00","MCDC":"0.00","LCDC":"0.00","HGT0C":2500,"KINDEX":38,"CAPE180_0":"0.000","CIN180_0":0},"8H00":{"ICON":"https:\/\/prevision-meteo.ch\/style\/images\/icon\/ensoleille.png","CONDITION":"Ensoleill\u00e9","CONDITION_KEY":"ensoleille","TMP2m":15.7,"DPT2m":-273.2,"WNDCHILL2m":null,"HUMIDEX":null,"RH2m":66,"PRMSL":1006.7,"APCPsfc":0,"WNDSPD10m":9,"WNDGUST10m":0,"WNDDIR10m":353,"WNDDIRCARD10":"N","ISSNOW":0,"HCDC":"0.00","MCDC":"0.00","LCDC":"0.00","HGT0C":2500,"KINDEX":37,"CAPE180_0":"2.000","CIN180_0":-204},"9H00":{"ICON":"https:\/\/prevision-meteo.ch\/style\/images\/icon\/ensoleille.png","CONDITION":"Ensoleill\u00e9","CONDITION_KEY":"ensoleille","TMP2m":18.4,"DPT2m":-273.2,"WNDCHILL2m":null,"HUMIDEX":null,"RH2m":55,"PRMSL":1006.4,"APCPsfc":0,"WNDSPD10m":4,"WNDGUST10m":0,"WNDDIR10m":171,"WNDDIRCARD10":"S","ISSNOW":0,"HCDC":"0.00","MCDC":"0.00","LCDC":"0.00","HGT0C":2400,"KINDEX":37,"CAPE180_0":"165.000","CIN180_0":-48},"10H00":{"ICON":"https:\/\/prevision-meteo.ch\/style\/images\/icon\/ensoleille.png","CONDITION":"Ensoleill\u00e9","CONDITION_KEY":"ensoleille","TMP2m":19.8,"DPT2m":-273.2,"WNDCHILL2m":null,"HUMIDEX":null,"RH2m":47,"PRMSL":1006.6,"APCPsfc":0,"WNDSPD10m":10,"WNDGUST10m":0,"WNDDIR10m":190,"WNDDIRCARD10":"S","ISSNOW":0,"HCDC":"0.00","MCDC":"0.00","LCDC":"0.00","HGT0C":2400,"KINDEX":37,"CAPE180_0":"168.000","CIN180_0":-32},"11H00":{"ICON":"https:\/\/prevision-meteo.ch\/style\/images\/icon\/ensoleille.png","CONDITION":"Ensoleill\u00e9","CONDITION_KEY":"ensoleille","TMP2m":20.9,"DPT2m":-273.2,"WNDCHILL2m":null,"HUMIDEX":21.2,"RH2m":43,"PRMSL":1006.5,"APCPsfc":0,"WNDSPD10m":14,"WNDGUST10m":0,"WNDDIR10m":202,"WNDDIRCARD10":"S","ISSNOW":0,"HCDC":"0.00","MCDC":"0.00","LCDC":"0.00","HGT0C":2400,"KINDEX":38,"CAPE180_0":"220.000","CIN180_0":-14},"12H00":{"ICON":"https:\/\/prevision-meteo.ch\/style\/images\/icon\/ensoleille.png","CONDITION":"Ensoleill\u00e9","CONDITION_KEY":"ensoleille","TMP2m":21.9,"DPT2m":-273.2,"WNDCHILL2m":null,"HUMIDEX":21.9,"RH2m":38,"PRMSL":1006.5,"APCPsfc":0,"WNDSPD10m":17,"WNDGUST10m":0,"WNDDIR10m":207,"WNDDIRCARD10":"SO","ISSNOW":0,"HCDC":"0.00","MCDC":"0.00","LCDC":"0.00","HGT0C":2400,"KINDEX":39,"CAPE180_0":"222.000","CIN180_0":-14},"13H00":{"ICON":"https:\/\/prevision-meteo.ch\/style\/images\/icon\/ensoleille.png","CONDITION":"Ensoleill\u00e9","CONDITION_KEY":"ensoleille","TMP2m":22.8,"DPT2m":-273.2,"WNDCHILL2m":null,"HUMIDEX":22.5,"RH2m":34,"PRMSL":1006.3,"APCPsfc":0,"WNDSPD10m":19,"WNDGUST10m":0,"WNDDIR10m":209,"WNDDIRCARD10":"SO","ISSNOW":0,"HCDC":"0.00","MCDC":"0.00","LCDC":"0.00","HGT0C":2400,"KINDEX":40,"CAPE180_0":"197.000","CIN180_0":-3},"14H00":{"ICON":"https:\/\/prevision-meteo.ch\/style\/images\/icon\/ensoleille.png","CONDITION":"Ensoleill\u00e9","CONDITION_KEY":"ensoleille","TMP2m":23.4,"DPT2m":-273.2,"WNDCHILL2m":null,"HUMIDEX":22.8,"RH2m":31,"PRMSL":1006.2,"APCPsfc":0,"WNDSPD10m":19,"WNDGUST10m":0,"WNDDIR10m":211,"WNDDIRCARD10":"SO","ISSNOW":0,"HCDC":"0.00","MCDC":"0.00","LCDC":"0.00","HGT0C":2400,"KINDEX":41,"CAPE180_0":"160.000","CIN180_0":-5},"15H00":{"ICON":"https:\/\/prevision-meteo.ch\/style\/images\/icon\/ensoleille.png","CONDITION":"Ensoleill\u00e9","CONDITION_KEY":"ensoleille","TMP2m":23.8,"DPT2m":-273.2,"WNDCHILL2m":null,"HUMIDEX":23.1,"RH2m":30,"PRMSL":1006,"APCPsfc":0,"WNDSPD10m":20,"WNDGUST10m":0,"WNDDIR10m":215,"WNDDIRCARD10":"SO","ISSNOW":0,"HCDC":"0.00","MCDC":"0.00","LCDC":"0.00","HGT0C":2400,"KINDEX":41,"CAPE180_0":"127.000","CIN180_0":0},"16H00":{"ICON":"https:\/\/prevision-meteo.ch\/style\/images\/icon\/ensoleille.png","CONDITION":"Ensoleill\u00e9","CONDITION_KEY":"ensoleille","TMP2m":22.9,"DPT2m":-273.2,"WNDCHILL2m":null,"HUMIDEX":22.4,"RH2m":33,"PRMSL":1005.8,"APCPsfc":0,"WNDSPD10m":19,"WNDGUST10m":0,"WNDDIR10m":213,"WNDDIRCARD10":"SO","ISSNOW":0,"HCDC":"0.00","MCDC":"0.00","LCDC":"0.00","HGT0C":2400,"KINDEX":40,"CAPE180_0":"92.000","CIN180_0":-7},"17H00":{"ICON":"https:\/\/prevision-meteo.ch\/style\/images\/icon\/ensoleille.png","CONDITION":"Ensoleill\u00e9","CONDITION_KEY":"ensoleille","TMP2m":21.7,"DPT2m":-273.2,"WNDCHILL2m":null,"HUMIDEX":21.2,"RH2m":35,"PRMSL":1005.9,"APCPsfc":0,"WNDSPD10m":18,"WNDGUST10m":0,"WNDDIR10m":210,"WNDDIRCARD10":"SO","ISSNOW":0,"HCDC":"0.00","MCDC":"0.00","LCDC":"0.00","HGT0C":2500,"KINDEX":40,"CAPE180_0":"80.000","CIN180_0":-8},"18H00":{"ICON":"https:\/\/prevision-meteo.ch\/style\/images\/icon\/ensoleille.png","CONDITION":"Ensoleill\u00e9","CONDITION_KEY":"ensoleille","TMP2m":23.1,"DPT2m":-273.2,"WNDCHILL2m":null,"HUMIDEX":22.7,"RH2m":33,"PRMSL":1005.8,"APCPsfc":0,"WNDSPD10m":17,"WNDGUST10m":0,"WNDDIR10m":212,"WNDDIRCARD10":"SO","ISSNOW":0,"HCDC":"0.00","MCDC":"0.00","LCDC":"0.00","HGT0C":2500,"KINDEX":39,"CAPE180_0":"71.000","CIN180_0":-9},"19H00":{"ICON":"https:\/\/prevision-meteo.ch\/style\/images\/icon\/ensoleille.png","CONDITION":"Ensoleill\u00e9","CONDITION_KEY":"ensoleille","TMP2m":22.4,"DPT2m":-273.2,"WNDCHILL2m":null,"HUMIDEX":22.4,"RH2m":37,"PRMSL":1006.1,"APCPsfc":0,"WNDSPD10m":15,"WNDGUST10m":0,"WNDDIR10m":214,"WNDDIRCARD10":"SO","ISSNOW":0,"HCDC":"0.00","MCDC":"0.00","LCDC":"0.00","HGT0C":2500,"KINDEX":40,"CAPE180_0":"62.000","CIN180_0":-7},"20H00":{"ICON":"https:\/\/prevision-meteo.ch\/style\/images\/icon\/ensoleille.png","CONDITION":"Ensoleill\u00e9","CONDITION_KEY":"ensoleille","TMP2m":20.9,"DPT2m":-273.2,"WNDCHILL2m":null,"HUMIDEX":21.4,"RH2m":44,"PRMSL":1006.5,"APCPsfc":0,"WNDSPD10m":12,"WNDGUST10m":0,"WNDDIR10m":217,"WNDDIRCARD10":"SO","ISSNOW":0,"HCDC":"0.00","MCDC":"0.00","LCDC":"0.00","HGT0C":2500,"KINDEX":41,"CAPE180_0":"52.000","CIN180_0":-18},"21H00":{"ICON":"https:\/\/prevision-meteo.ch\/style\/images\/icon\/nuit-claire.png","CONDITION":"Nuit claire","CONDITION_KEY":"nuit-claire","TMP2m":19,"DPT2m":-273.2,"WNDCHILL2m":null,"HUMIDEX":null,"RH2m":54,"PRMSL":1007.2,"APCPsfc":0,"WNDSPD10m":7,"WNDGUST10m":0,"WNDDIR10m":233,"WNDDIRCARD10":"SO","ISSNOW":0,"HCDC":"0.00","MCDC":"0.00","LCDC":"0.00","HGT0C":2500,"KINDEX":43,"CAPE180_0":"29.000","CIN180_0":-64},"22H00":{"ICON":"https:\/\/prevision-meteo.ch\/style\/images\/icon\/nuit-claire.png","CONDITION":"Nuit claire","CONDITION_KEY":"nuit-claire","TMP2m":17.7,"DPT2m":-273.2,"WNDCHILL2m":null,"HUMIDEX":null,"RH2m":61,"PRMSL":1007.9,"APCPsfc":0,"WNDSPD10m":5,"WNDGUST10m":0,"WNDDIR10m":315,"WNDDIRCARD10":"NO","ISSNOW":0,"HCDC":"0.00","MCDC":"0.00","LCDC":"0.00","HGT0C":2600,"KINDEX":44,"CAPE180_0":"9.000","CIN180_0":-101},"23H00":{"ICON":"https:\/\/prevision-meteo.ch\/style\/images\/icon\/nuit-claire.png","CONDITION":"Nuit claire","CONDITION_KEY":"nuit-claire","TMP2m":16.8,"DPT2m":-273.2,"WNDCHILL2m":null,"HUMIDEX":null,"RH2m":66,"PRMSL":1008.6,"APCPsfc":0,"WNDSPD10m":11,"WNDGUST10m":0,"WNDDIR10m":14,"WNDDIRCARD10":"N","ISSNOW":0,"HCDC":"0.00","MCDC":"0.00","LCDC":"0.00","HGT0C":2600,"KINDEX":45,"CAPE180_0":"9.000","CIN180_0":-74}}}}